{"id":560,"date":"2020-11-13T12:07:42","date_gmt":"2020-11-13T12:07:42","guid":{"rendered":"http:\/\/psicologia.udd.cl\/cebcs\/?p=560"},"modified":"2020-11-13T12:07:43","modified_gmt":"2020-11-13T12:07:43","slug":"investigadores-del-cebcs-participan-de-la-8-conferencia-internacional-de-psicologia-comunitaria","status":"publish","type":"post","link":"https:\/\/psicologia.udd.cl\/cebcs\/2020\/11\/13\/investigadores-del-cebcs-participan-de-la-8-conferencia-internacional-de-psicologia-comunitaria\/","title":{"rendered":"Investigadores del CEBCS participan de la 8\u00b0 Conferencia Internacional de Psicolog\u00eda Comunitaria"},"content":{"rendered":"\n<p>El d\u00eda martes 10 de noviembre a las 18:00 horas (hora chilena) se\ndio inicio a la <strong>8\u00b0 Conferencia\nInternacional de Psicolog\u00eda Comunitaria.<\/strong> Esta conferencia se desarrollar\u00e1\nde manera virtual el hasta el 13 de noviembre. <\/p>\n\n\n\n<p>ICCP 2020 busca celebrar e interrogar las formas en que se fomentan y\nmantienen las solidaridades dentro de contextos comunitarios, a trav\u00e9s de\nfronteras, espacios digitales y no digitales, y del proceso de producci\u00f3n de\nconocimiento. Estas actividades buscan entregar una plataforma cr\u00edtica a las\nideas y al trabajo que surgen de coaliciones con profesionales, artistas,\neducadores, activistas y comunidades diversas. Todos interesados en explorar y\nmostrar la erudici\u00f3n, el activismo, la pr\u00e1ctica y el compromiso acad\u00e9mico\ncr\u00edtico de todo el mundo que busca lograr la sostenibilidad, la inclusi\u00f3n y el\nbienestar para todos.<\/p>\n\n\n\n<p>Los asistentes participar\u00e1n en la conferencia en l\u00ednea utilizando una\nplataforma de conferencia virtual din\u00e1mica, OnAIR. La plataforma brindar\u00e1\nacceso a la agenda del evento en l\u00ednea, vinculando a los participantes a las\nsesiones en vivo y pregrabadas, talleres, redes, expositores, ePosters y m\u00e1s.<\/p>\n\n\n\n<p>El CEBCS participar\u00e1 con dos trabajos: \u201c<strong>Dimensiones ecol\u00f3gicas y comunitarias del Bienestar infantil: una metas\u00edntesis cualitativa\u201d,<\/strong>\u00a0presentada por\u00a0Gisela Carrillo, Camila Inostroza y Alejandra Villarroel y\u00a0<strong>\u201cSentido de comunidad y la satisfacci\u00f3n con la vida en escolares chilenos\u201d<\/strong>, presentado por\u00a0Alejandra Villarroel, Loreto Ditzel, Fernando Reyes y Gisela Carrillo.\u00a0Es Importante destacar que en estos trabajos colaboraron Carolina Aspillaga, Jaime Alfaro y Lorena Ram\u00edrez.<\/p>\n\n\n\n<p> Link del evento: <a href=\"https:\/\/www.vu.edu.au\/iccp-2020\">https:\/\/www.vu.edu.au\/iccp-2020<\/a><\/p>\n\n\n\n<p> Facebook del evento: <a href=\"https:\/\/www.facebook.com\/ICCP2020AUS\">https:\/\/www.facebook.com\/ICCP2020AUS<\/a><\/p>\n","protected":false},"excerpt":{"rendered":"<p>El d\u00eda martes 10 de noviembre a las 18:00 horas (hora chilena) se dio inicio a la 8\u00b0 Conferencia Internacional de Psicolog\u00eda Comunitaria. Esta conferencia se desarrollar\u00e1 de manera virtual el hasta el 13 de noviembre. ICCP 2020 busca celebrar e interrogar las formas en que se fomentan y mantienen las solidaridades dentro de contextos [&hellip;]<\/p>\n","protected":false},"author":36,"featured_media":561,"comment_status":"open","ping_status":"open","sticky":false,"template":"","format":"standard","meta":{"footnotes":""},"categories":[17810],"tags":[],"class_list":["post-560","post","type-post","status-publish","format-standard","has-post-thumbnail","hentry","category-noticias-cebcs"],"featured_image_url":"https:\/\/psicologia.udd.cl\/cebcs\/files\/2020\/11\/ICCO2020.png","_links":{"self":[{"href":"https:\/\/psicologia.udd.cl\/cebcs\/wp-json\/wp\/v2\/posts\/560","targetHints":{"allow":["GET"]}}],"collection":[{"href":"https:\/\/psicologia.udd.cl\/cebcs\/wp-json\/wp\/v2\/posts"}],"about":[{"href":"https:\/\/psicologia.udd.cl\/cebcs\/wp-json\/wp\/v2\/types\/post"}],"author":[{"embeddable":true,"href":"https:\/\/psicologia.udd.cl\/cebcs\/wp-json\/wp\/v2\/users\/36"}],"replies":[{"embeddable":true,"href":"https:\/\/psicologia.udd.cl\/cebcs\/wp-json\/wp\/v2\/comments?post=560"}],"version-history":[{"count":1,"href":"https:\/\/psicologia.udd.cl\/cebcs\/wp-json\/wp\/v2\/posts\/560\/revisions"}],"predecessor-version":[{"id":562,"href":"https:\/\/psicologia.udd.cl\/cebcs\/wp-json\/wp\/v2\/posts\/560\/revisions\/562"}],"wp:featuredmedia":[{"embeddable":true,"href":"https:\/\/psicologia.udd.cl\/cebcs\/wp-json\/wp\/v2\/media\/561"}],"wp:attachment":[{"href":"https:\/\/psicologia.udd.cl\/cebcs\/wp-json\/wp\/v2\/media?parent=560"}],"wp:term":[{"taxonomy":"category","embeddable":true,"href":"https:\/\/psicologia.udd.cl\/cebcs\/wp-json\/wp\/v2\/categories?post=560"},{"taxonomy":"post_tag","embeddable":true,"href":"https:\/\/psicologia.udd.cl\/cebcs\/wp-json\/wp\/v2\/tags?post=560"}],"curies":[{"name":"wp","href":"https:\/\/api.w.org\/{rel}","templated":true}]}}