{"id":369,"date":"2019-06-25T18:39:36","date_gmt":"2019-06-25T18:39:36","guid":{"rendered":"http:\/\/psicologia.udd.cl\/cebcs\/?p=369"},"modified":"2019-06-25T18:39:36","modified_gmt":"2019-06-25T18:39:36","slug":"investigadores-de-psicologia-udd-presentan-sus-trabajos-en-el-world-anti-bullying-forum","status":"publish","type":"post","link":"https:\/\/psicologia.udd.cl\/cebcs\/2019\/06\/25\/investigadores-de-psicologia-udd-presentan-sus-trabajos-en-el-world-anti-bullying-forum\/","title":{"rendered":"Investigadores de Psicolog\u00eda UDD presentan sus trabajos en el World Anti-Bullying Forum"},"content":{"rendered":"<div id=\"gallery-1\" class=\"carousel slide carousel-gallery\" data-ride=\"false\" data-interval=\"false\"><div class=\"carousel-inner\" role=\"listbox\"><figure class=\"carousel-item active\"><img loading=\"lazy\" decoding=\"async\" width=\"712\" height=\"534\" src=\"https:\/\/psicologia.udd.cl\/cebcs\/files\/2019\/06\/WhatsApp-Image-2019-06-06-at-08.03.42-800x450.jpeg\" class=\"attachment-landscape_952 size-landscape_952 lazyload\" alt=\"\" sizes=\"auto, (max-width: 712px) 100vw, 712px\" data-src=\"https:\/\/psicologia.udd.cl\/cebcs\/files\/2019\/06\/WhatsApp-Image-2019-06-06-at-08.03.42.jpeg\" data-srcset=\"https:\/\/psicologia.udd.cl\/cebcs\/files\/2019\/06\/WhatsApp-Image-2019-06-06-at-08.03.42.jpeg 1280w, https:\/\/psicologia.udd.cl\/cebcs\/files\/2019\/06\/WhatsApp-Image-2019-06-06-at-08.03.42-300x225.jpeg 300w, https:\/\/psicologia.udd.cl\/cebcs\/files\/2019\/06\/WhatsApp-Image-2019-06-06-at-08.03.42-768x576.jpeg 768w, https:\/\/psicologia.udd.cl\/cebcs\/files\/2019\/06\/WhatsApp-Image-2019-06-06-at-08.03.42-1024x768.jpeg 1024w, https:\/\/psicologia.udd.cl\/cebcs\/files\/2019\/06\/WhatsApp-Image-2019-06-06-at-08.03.42-960x720.jpeg 960w\" \/><\/figure><figure class=\"carousel-item\"><img loading=\"lazy\" decoding=\"async\" width=\"712\" height=\"534\" src=\"https:\/\/psicologia.udd.cl\/cebcs\/files\/2019\/06\/WhatsApp-Image-2019-06-04-at-07.04.00-800x450.jpeg\" class=\"attachment-landscape_952 size-landscape_952 lazyload\" alt=\"\" sizes=\"auto, (max-width: 712px) 100vw, 712px\" data-src=\"https:\/\/psicologia.udd.cl\/cebcs\/files\/2019\/06\/WhatsApp-Image-2019-06-04-at-07.04.00.jpeg\" data-srcset=\"https:\/\/psicologia.udd.cl\/cebcs\/files\/2019\/06\/WhatsApp-Image-2019-06-04-at-07.04.00.jpeg 1280w, https:\/\/psicologia.udd.cl\/cebcs\/files\/2019\/06\/WhatsApp-Image-2019-06-04-at-07.04.00-300x225.jpeg 300w, https:\/\/psicologia.udd.cl\/cebcs\/files\/2019\/06\/WhatsApp-Image-2019-06-04-at-07.04.00-768x576.jpeg 768w, https:\/\/psicologia.udd.cl\/cebcs\/files\/2019\/06\/WhatsApp-Image-2019-06-04-at-07.04.00-1024x768.jpeg 1024w, https:\/\/psicologia.udd.cl\/cebcs\/files\/2019\/06\/WhatsApp-Image-2019-06-04-at-07.04.00-960x720.jpeg 960w\" \/><\/figure><figure class=\"carousel-item\"><img loading=\"lazy\" decoding=\"async\" width=\"712\" height=\"534\" src=\"https:\/\/psicologia.udd.cl\/cebcs\/files\/2019\/06\/WhatsApp-Image-2019-06-06-at-06.30.55-800x450.jpeg\" class=\"attachment-landscape_952 size-landscape_952 lazyload\" alt=\"\" sizes=\"auto, (max-width: 712px) 100vw, 712px\" data-src=\"https:\/\/psicologia.udd.cl\/cebcs\/files\/2019\/06\/WhatsApp-Image-2019-06-06-at-06.30.55.jpeg\" data-srcset=\"https:\/\/psicologia.udd.cl\/cebcs\/files\/2019\/06\/WhatsApp-Image-2019-06-06-at-06.30.55.jpeg 1280w, https:\/\/psicologia.udd.cl\/cebcs\/files\/2019\/06\/WhatsApp-Image-2019-06-06-at-06.30.55-300x225.jpeg 300w, https:\/\/psicologia.udd.cl\/cebcs\/files\/2019\/06\/WhatsApp-Image-2019-06-06-at-06.30.55-768x576.jpeg 768w, https:\/\/psicologia.udd.cl\/cebcs\/files\/2019\/06\/WhatsApp-Image-2019-06-06-at-06.30.55-1024x768.jpeg 1024w, https:\/\/psicologia.udd.cl\/cebcs\/files\/2019\/06\/WhatsApp-Image-2019-06-06-at-06.30.55-960x720.jpeg 960w\" \/><\/figure><figure class=\"carousel-item\"><img loading=\"lazy\" decoding=\"async\" width=\"801\" height=\"534\" src=\"https:\/\/psicologia.udd.cl\/cebcs\/files\/2019\/06\/WABF-2019-Slide-Show-41-800x450.jpg\" class=\"attachment-landscape_952 size-landscape_952 lazyload\" alt=\"\" sizes=\"auto, (max-width: 801px) 100vw, 801px\" data-src=\"https:\/\/psicologia.udd.cl\/cebcs\/files\/2019\/06\/WABF-2019-Slide-Show-41.jpg\" data-srcset=\"https:\/\/psicologia.udd.cl\/cebcs\/files\/2019\/06\/WABF-2019-Slide-Show-41.jpg 2836w, https:\/\/psicologia.udd.cl\/cebcs\/files\/2019\/06\/WABF-2019-Slide-Show-41-300x200.jpg 300w, https:\/\/psicologia.udd.cl\/cebcs\/files\/2019\/06\/WABF-2019-Slide-Show-41-768x512.jpg 768w, https:\/\/psicologia.udd.cl\/cebcs\/files\/2019\/06\/WABF-2019-Slide-Show-41-1024x682.jpg 1024w, https:\/\/psicologia.udd.cl\/cebcs\/files\/2019\/06\/WABF-2019-Slide-Show-41-960x640.jpg 960w\" \/><\/figure><figure class=\"carousel-item\"><img loading=\"lazy\" decoding=\"async\" width=\"801\" height=\"534\" src=\"https:\/\/psicologia.udd.cl\/cebcs\/files\/2019\/06\/WABF-2019-Slide-Show-22-800x450.jpg\" class=\"attachment-landscape_952 size-landscape_952 lazyload\" alt=\"\" sizes=\"auto, (max-width: 801px) 100vw, 801px\" data-src=\"https:\/\/psicologia.udd.cl\/cebcs\/files\/2019\/06\/WABF-2019-Slide-Show-22.jpg\" data-srcset=\"https:\/\/psicologia.udd.cl\/cebcs\/files\/2019\/06\/WABF-2019-Slide-Show-22.jpg 2546w, https:\/\/psicologia.udd.cl\/cebcs\/files\/2019\/06\/WABF-2019-Slide-Show-22-300x200.jpg 300w, https:\/\/psicologia.udd.cl\/cebcs\/files\/2019\/06\/WABF-2019-Slide-Show-22-768x512.jpg 768w, https:\/\/psicologia.udd.cl\/cebcs\/files\/2019\/06\/WABF-2019-Slide-Show-22-1024x683.jpg 1024w, https:\/\/psicologia.udd.cl\/cebcs\/files\/2019\/06\/WABF-2019-Slide-Show-22-960x640.jpg 960w\" \/><\/figure><\/div><footer class=\"carousel-footer\"><div class=\"carousel-counter\"><span class=\"carousel-counter-current\"><\/span> \/ <span class=\"carousel-counter-total\"><\/span><\/div><a class=\"carousel-control-prev\" href=\"#gallery-1\" role=\"button\" data-slide=\"prev\"><svg aria-hidden=\"true\" class=\"svg-chevron-left-dims\"><use xlink:href='https:\/\/psicologia.udd.cl\/cebcs\/wp-content\/themes\/facultades-2018\/assets\/img\/svg\/dist\/main.svg?version=1695853099#chevron-left'><\/use><\/svg><span class=\"sr-only\">Anterior<\/span><\/a><a class=\"carousel-control-next\" href=\"#gallery-1\" role=\"button\" data-slide=\"next\"><svg aria-hidden=\"true\" class=\"svg-chevron-right-dims\"><use xlink:href='https:\/\/psicologia.udd.cl\/cebcs\/wp-content\/themes\/facultades-2018\/assets\/img\/svg\/dist\/main.svg?version=1695853099#chevron-right'><\/use><\/svg><span class=\"sr-only\">Siguiente<\/span><\/a><\/footer><\/div>\n<p>El investigador del <a href=\"http:\/\/psicologia.udd.cl\/cime\">CIME<\/a> y del <a href=\"http:\/\/psicologia.udd.cl\/cebcs\">CEBCS<\/a>, <strong>Dr. Jorge Varela<\/strong>, y la candidata a Doctor del programa de <a href=\"http:\/\/psicologia.udd.cl\/doctorado\">Doctorado en Ciencias del Desarrollo y Psicopatolog\u00eda<\/a>, <strong>Paulina S\u00e1nchez<\/strong>, fueron convocados para participar del\u00a0<strong>World Antibullying Forum 2019<\/strong>, realizado desde el 4 al\u00a06 de junio en la ciudad de Dubl\u00edn, Irlanda.<\/p>\n<p>Este encuentro cont\u00f3 con la participaci\u00f3n de m\u00e1s de 600 delegados de 45 pa\u00edses. El objetivo principal de este foro internacional y multidisciplinario fue ampliar la comprensi\u00f3n del acoso escolar. Tambi\u00e9n, fortalecer los v\u00ednculos interdisciplinarios, y difundir el conocimiento a profesionales, investigadores y agentes involucrados en la toma de decisiones en todo el mundo.<\/p>\n<p>El\u00a0<strong>Dr. Varela<\/strong>\u00a0particip\u00f3 presentando su investigaci\u00f3n:\u00a0<em>\u201cExploring the influence of school bonding, bullying behavior on student engagement for chilean adolescents\u201d.<\/em>\u00a0A su vez, la Candidata a Doctor,\u00a0<strong>Paulina S\u00e1nchez<\/strong>\u00a0present\u00f3\u00a0<em>\u201cSchool climate, bullying behavior and mental health among chilean adolescents\u201d. A<\/em>mbos son parte del CEBCS de la Facultad de Psicolog\u00eda de la Universidad del Desarrollo, y sus trabajos est\u00e1n enmarcados en el proyecto FONDECYT N\u00b0 11170746:\u00a0<strong>\u201cEl clima escolar como un factor protector de conductas de violencia: identificando aspectos claves para escuelas resilientes\u201d.<\/strong><\/p>\n<p>Ambos investigadores coincidieron que instancias como \u00e9stas \u00abson necesarias para desarrollar enfoques m\u00e1s efectivos que permitan combatir el acoso escolar y permitir a cada ni\u00f1o, ni\u00f1a y joven el derecho a crecer sin ser intimidado, excluido o discriminado. Los investigadores latinoamericanos debemos ser portavoces de una realidad social en particular, pero tambi\u00e9n quienes pueden contribuir al desarrollo del conocimiento y abordaje de esta problem\u00e1tica a nivel mundial\u00bb.<\/p>\n<p>Adem\u00e1s de las presentaciones, fue posible establecer redes de contacto y colaboraci\u00f3n a nivel internacional. Actualmente, el Dr. Varela y S\u00e1nchez trabajan en el cap\u00edtulo <em>\u201cResearch and Intervention in South America\u201d del nuevo Handbook \u201cWiley-Blackwell Handbook of Bullying\u201d. <\/em>Este texto est\u00e1 a cargo de los editores y organizadores del evento Peter K. Smith y James O\u2019Higgins Norman.<\/p>\n<p><a href=\"https:\/\/wabf2019.com\/\">M\u00e1s informaci\u00f3n de este evento ac\u00e1.<\/a><\/p>\n","protected":false},"excerpt":{"rendered":"<p>El investigador del CIME y del CEBCS, Dr. Jorge Varela, y la candidata a Doctor del programa de Doctorado en Ciencias del Desarrollo y Psicopatolog\u00eda, Paulina S\u00e1nchez, fueron convocados para participar del\u00a0World Antibullying Forum 2019, realizado desde el 4 al\u00a06 de junio en la ciudad de Dubl\u00edn, Irlanda. Este encuentro cont\u00f3 con la participaci\u00f3n de [&hellip;]<\/p>\n","protected":false},"author":36,"featured_media":370,"comment_status":"open","ping_status":"open","sticky":false,"template":"","format":"standard","meta":{"footnotes":""},"categories":[17810],"tags":[],"class_list":["post-369","post","type-post","status-publish","format-standard","has-post-thumbnail","hentry","category-noticias-cebcs"],"featured_image_url":"https:\/\/psicologia.udd.cl\/cebcs\/files\/2019\/06\/WhatsApp-Image-2019-06-06-at-08.03.42.jpeg","_links":{"self":[{"href":"https:\/\/psicologia.udd.cl\/cebcs\/wp-json\/wp\/v2\/posts\/369","targetHints":{"allow":["GET"]}}],"collection":[{"href":"https:\/\/psicologia.udd.cl\/cebcs\/wp-json\/wp\/v2\/posts"}],"about":[{"href":"https:\/\/psicologia.udd.cl\/cebcs\/wp-json\/wp\/v2\/types\/post"}],"author":[{"embeddable":true,"href":"https:\/\/psicologia.udd.cl\/cebcs\/wp-json\/wp\/v2\/users\/36"}],"replies":[{"embeddable":true,"href":"https:\/\/psicologia.udd.cl\/cebcs\/wp-json\/wp\/v2\/comments?post=369"}],"version-history":[{"count":1,"href":"https:\/\/psicologia.udd.cl\/cebcs\/wp-json\/wp\/v2\/posts\/369\/revisions"}],"predecessor-version":[{"id":375,"href":"https:\/\/psicologia.udd.cl\/cebcs\/wp-json\/wp\/v2\/posts\/369\/revisions\/375"}],"wp:featuredmedia":[{"embeddable":true,"href":"https:\/\/psicologia.udd.cl\/cebcs\/wp-json\/wp\/v2\/media\/370"}],"wp:attachment":[{"href":"https:\/\/psicologia.udd.cl\/cebcs\/wp-json\/wp\/v2\/media?parent=369"}],"wp:term":[{"taxonomy":"category","embeddable":true,"href":"https:\/\/psicologia.udd.cl\/cebcs\/wp-json\/wp\/v2\/categories?post=369"},{"taxonomy":"post_tag","embeddable":true,"href":"https:\/\/psicologia.udd.cl\/cebcs\/wp-json\/wp\/v2\/tags?post=369"}],"curies":[{"name":"wp","href":"https:\/\/api.w.org\/{rel}","templated":true}]}}