{"id":921,"date":"2015-04-08T17:45:37","date_gmt":"2015-04-08T20:45:37","guid":{"rendered":"http:\/\/psicologia.udd.cl\/care\/?p=921"},"modified":"2015-04-08T17:45:37","modified_gmt":"2015-04-08T20:45:37","slug":"psicologia-udd-realizara-inauguracion-del-laboratorio-care","status":"publish","type":"post","link":"https:\/\/psicologia.udd.cl\/care\/noticias\/2015\/04\/08\/psicologia-udd-realizara-inauguracion-del-laboratorio-care\/","title":{"rendered":"Psicolog\u00eda UDD realizar\u00e1 Inauguraci\u00f3n del Laboratorio CARE"},"content":{"rendered":"<p>Santiago.- En el marco del inicio del a\u00f1o acad\u00e9mico 2015, Psicolog\u00eda UDD realizar\u00e1 la presentaci\u00f3n oficial del Laboratorio del Centro de Apego y Regulaci\u00f3n Emocional (CARE), ocasi\u00f3n en la que se realizar\u00e1 una clase inaugural sobre el tema de correlatos neurofisiol\u00f3gicos de la conducta.<\/p>\n<p>La clase ser\u00e1 impartida por el Doctor en Psicolog\u00eda y Director del Laboratorio del CARE,\u00a0<a href=\"http:\/\/psicologia.udd.cl\/persona\/francisco-ceric-3\/\">Francisco Ceric<\/a>, y por el \u00a0Doctor en Ciencias M\u00e9dicas y docente de la Facultad de Gobierno UDD,\u00a0<a href=\"http:\/\/gobierno.udd.cl\/persona\/pablo-billeke\/\">Pablo Billeke<\/a>.<\/p>\n<p><strong>Programa<\/strong><\/p>\n<p>11:30 &#8211; 11:40 Palabras de Bienvenida<br \/>\n11:40 &#8211; 12:10 Presentaci\u00f3n Dr. Pablo Billeke:\u00a0<strong>\u00abBases cerebrales de la negociaci\u00f3n social\u00bb<\/strong><br \/>\n12:10 a 12:40 Presentaci\u00f3n Dr. Francisco Ceric:\u00a0<strong>\u00abEvidencias neurofisiol\u00f3gicas del reconocimiento emocional temprano\u00bb<\/strong><br \/>\n12:40 12:50 Palabras finales &#8211; preguntas<br \/>\n12:50 Recorrido al laboratorio para interesados &#8211; coffee<\/p>\n<p><strong>Informaci\u00f3n general<\/strong><\/p>\n<p>D\u00eda:\u00a0\u00a0<strong>jueves 9 de abril<\/strong><br \/>\nHora:\u00a0\u00a0<strong>11.30 a 13.00 horas<\/strong><br \/>\nLugar:\u00a0<strong>Auditorio 114 del Campus\u00a0RESB<br \/>\n<\/strong>Inscripciones con:\u00a0<strong>Daniela Ledezma\/ dledezma@udd.cl\/ 2 2 3279755<\/strong><\/p>\n","protected":false},"excerpt":{"rendered":"<p>Santiago.- En el marco del inicio del a\u00f1o acad\u00e9mico 2015, Psicolog\u00eda UDD realizar\u00e1 la presentaci\u00f3n oficial del Laboratorio del Centro de Apego y Regulaci\u00f3n Emocional (CARE), ocasi\u00f3n en la que se realizar\u00e1 una clase inaugural sobre el tema de correlatos neurofisiol\u00f3gicos de la conducta. La clase ser\u00e1 impartida por el Doctor en Psicolog\u00eda y Director [&hellip;]<\/p>\n","protected":false},"author":1,"featured_media":922,"comment_status":"open","ping_status":"open","sticky":false,"template":"","format":"standard","meta":{"footnotes":""},"categories":[3949,4],"tags":[],"class_list":["post-921","post","type-post","status-publish","format-standard","has-post-thumbnail","hentry","category-actividades","category-noticias"],"featured_image_url":"https:\/\/psicologia.udd.cl\/care\/files\/2015\/04\/Francisco-Ceric-Pablo-Billeke.jpg","_links":{"self":[{"href":"https:\/\/psicologia.udd.cl\/care\/wp-json\/wp\/v2\/posts\/921","targetHints":{"allow":["GET"]}}],"collection":[{"href":"https:\/\/psicologia.udd.cl\/care\/wp-json\/wp\/v2\/posts"}],"about":[{"href":"https:\/\/psicologia.udd.cl\/care\/wp-json\/wp\/v2\/types\/post"}],"author":[{"embeddable":true,"href":"https:\/\/psicologia.udd.cl\/care\/wp-json\/wp\/v2\/users\/1"}],"replies":[{"embeddable":true,"href":"https:\/\/psicologia.udd.cl\/care\/wp-json\/wp\/v2\/comments?post=921"}],"version-history":[{"count":1,"href":"https:\/\/psicologia.udd.cl\/care\/wp-json\/wp\/v2\/posts\/921\/revisions"}],"predecessor-version":[{"id":923,"href":"https:\/\/psicologia.udd.cl\/care\/wp-json\/wp\/v2\/posts\/921\/revisions\/923"}],"wp:featuredmedia":[{"embeddable":true,"href":"https:\/\/psicologia.udd.cl\/care\/wp-json\/wp\/v2\/media\/922"}],"wp:attachment":[{"href":"https:\/\/psicologia.udd.cl\/care\/wp-json\/wp\/v2\/media?parent=921"}],"wp:term":[{"taxonomy":"category","embeddable":true,"href":"https:\/\/psicologia.udd.cl\/care\/wp-json\/wp\/v2\/categories?post=921"},{"taxonomy":"post_tag","embeddable":true,"href":"https:\/\/psicologia.udd.cl\/care\/wp-json\/wp\/v2\/tags?post=921"}],"curies":[{"name":"wp","href":"https:\/\/api.w.org\/{rel}","templated":true}]}}